{"id":5180,"date":"2026-02-05T18:38:17","date_gmt":"2026-02-05T17:38:17","guid":{"rendered":"https:\/\/pressracing.com\/?p=5180"},"modified":"2026-02-07T16:13:07","modified_gmt":"2026-02-07T15:13:07","slug":"la-12-ore-di-bathurst-fa-il-pieno-di-iscritti","status":"publish","type":"post","link":"https:\/\/pressracing.com\/?p=5180","title":{"rendered":"La 12 Ore di Bathurst fa il pieno di iscritti"},"content":{"rendered":"\n<p>Sono 35 gli equipaggi iscritti all&#8217;edizione della 12 Ore di Bathurst in programma il 14 e 15 febbraio e valida come primo dei cinque appuntamenti dell&#8217;Intercontinental GT Challenge. Con 15 piloti al via che negli anni passati si sono imposti nella gara australiana, inclusi i campioni 2025 Augusto Farfus e Kelvin van der Linde, in totale saranno 12 i costruttori presenti in questa gara (di cui dieci nella categoria GT3).<\/p>\n\n\n\n<p>Tra i nomi spicca quello di Valentino Rossi, che per la quarta volta consecutiva \u00e8 pronto ad affrontare la sfida di Mount Panorama, dopo avere centrato lo scorso anno il secondo posto assieme a Raffaele Marciello e Charles Weerts, completando l&#8217;uno-due delle BMW del Team WRT. Stessa vettura e squadra per il campione della MotoGP, che sar\u00e0 affiancato nuovamente da Marciello e dallo stesso Farfus.<\/p>\n\n\n\n<p>Presente pi\u00f9 di un quarto dell&#8217;attuale griglia del Repco Supercars Championship, inclusi il campione in carica Chaz Mostert, Will Brown, Broc Feeney, Kai Allen, Cameron Waters, Ryan Wood e Thomas Randle. Una bella sfida tra i padroni di casa ed il meglio del parterre del GT internazionale.<\/p>\n\n\n\n<p>Ci saranno inoltre delle novit\u00e0 importanti. Come il debutto di Jordan Pepper su un&#8217;altra vettura bavarese della squadra di Vincent Vosse, dopo avere lasciato Lamborghini in cui ricopriva il ruolo di pilota ufficiale e con la quale ha vinto la scorsa stagione la 24 Ore di Spa.<\/p>\n\n\n\n<p>Oltre a Rossi, sono attesi anche altri tre italiani. Davide Rigon, reduce dalla doppia trasferta di Dubai e Abu Dhabi dell&#8217;Asian Le Mans Series e in pista con la Ferrari 296 GT3 del team Arise Racing GT divisa con Jaxon Evans e Daniel Serra. Marco Mapelli affiancher\u00e0 i locali Antonio D&#8217;Alberto, Adrian Deitz e Grant Denyer sull&#8217;unica Lamborghini Hurac\u00e1n GT3 EVO2 schierata Wall Racing. Su una Porsche 911 GT3 R dello Tsunami RT ci sar\u00e0 invece Fabio Babini.<\/p>\n","protected":false},"excerpt":{"rendered":"Sono 35 gli equipaggi iscritti all&#8217;edizione della 12 Ore di Bathurst in programma il 14 e 15 febbraio&hellip;","protected":false},"author":3,"featured_media":5181,"comment_status":"closed","ping_status":"open","sticky":false,"template":"","format":"standard","meta":{"fifu_image_url":"","fifu_image_alt":"","csco_display_header_overlay":false,"csco_singular_sidebar":"","csco_page_header_type":"","csco_page_load_nextpost":"","csco_post_video_location":[],"csco_post_video_location_hash":"","csco_post_video_url":"","csco_post_video_bg_start_time":0,"csco_post_video_bg_end_time":0,"footnotes":""},"categories":[28,35],"tags":[102,103],"class_list":{"0":"post-5180","1":"post","2":"type-post","3":"status-publish","4":"format-standard","5":"has-post-thumbnail","7":"category-intercontinental-gt-challenge","8":"category-international-news","9":"tag-12-ore-di-bathurst","10":"tag-intercontinental-gt-challenge","11":"cs-entry","12":"cs-video-wrap"},"_links":{"self":[{"href":"https:\/\/pressracing.com\/index.php?rest_route=\/wp\/v2\/posts\/5180","targetHints":{"allow":["GET"]}}],"collection":[{"href":"https:\/\/pressracing.com\/index.php?rest_route=\/wp\/v2\/posts"}],"about":[{"href":"https:\/\/pressracing.com\/index.php?rest_route=\/wp\/v2\/types\/post"}],"author":[{"embeddable":true,"href":"https:\/\/pressracing.com\/index.php?rest_route=\/wp\/v2\/users\/3"}],"replies":[{"embeddable":true,"href":"https:\/\/pressracing.com\/index.php?rest_route=%2Fwp%2Fv2%2Fcomments&post=5180"}],"version-history":[{"count":1,"href":"https:\/\/pressracing.com\/index.php?rest_route=\/wp\/v2\/posts\/5180\/revisions"}],"predecessor-version":[{"id":5182,"href":"https:\/\/pressracing.com\/index.php?rest_route=\/wp\/v2\/posts\/5180\/revisions\/5182"}],"wp:featuredmedia":[{"embeddable":true,"href":"https:\/\/pressracing.com\/index.php?rest_route=\/wp\/v2\/media\/5181"}],"wp:attachment":[{"href":"https:\/\/pressracing.com\/index.php?rest_route=%2Fwp%2Fv2%2Fmedia&parent=5180"}],"wp:term":[{"taxonomy":"category","embeddable":true,"href":"https:\/\/pressracing.com\/index.php?rest_route=%2Fwp%2Fv2%2Fcategories&post=5180"},{"taxonomy":"post_tag","embeddable":true,"href":"https:\/\/pressracing.com\/index.php?rest_route=%2Fwp%2Fv2%2Ftags&post=5180"}],"curies":[{"name":"wp","href":"https:\/\/api.w.org\/{rel}","templated":true}]}}