{"id":5433,"date":"2026-03-09T09:43:46","date_gmt":"2026-03-09T08:43:46","guid":{"rendered":"https:\/\/pressracing.com\/?p=5433"},"modified":"2026-03-14T10:32:09","modified_gmt":"2026-03-14T09:32:09","slug":"verstappen-sara-al-via-della-24-ore-del-nurburgring-con-la-mercedes","status":"publish","type":"post","link":"https:\/\/pressracing.com\/?p=5433","title":{"rendered":"Verstappen sar\u00e0 al via della 24 Ore del N\u00fcrburgring con la Mercedes"},"content":{"rendered":"\n<p>Adesso \u00e8 ufficiale. <strong>Max Verstappen <\/strong>prender\u00e0 parte alla <strong>24 Ore del N\u00fcrburgring<\/strong>. Il quattro volte campione del mondo di Formula 1 far\u00e0 il suo esordio nella famigerata gara della Nordshleife in occasione dell&#8217;edizione 2026 che si disputer\u00e0 il 16 e 17 maggio.<\/p>\n\n\n\n<p>L&#8217;olandese former\u00e0 un equipaggio con l&#8217;austriaco <strong>Lucas Auer<\/strong>, il francese <strong>Jules Gounon<\/strong> e lo spagnolo <strong>Daniel Juncadella<\/strong>, assieme ai quali si alterner\u00e0 al volante della <strong>Mercedes-AMG GT3 EVO<\/strong> numero 3 del <strong>Team Verstappen Racing <\/strong>nella livrea della <strong>Red Bull<\/strong>.<\/p>\n\n\n\n<p>Il suo programma prevede anche la partecipazione al secondo appuntamento della serie NLS del 21 marzo e alla 24h N\u00fcrburgring Qualifiers.<\/p>\n\n\n\n<p>&#8220;<em>Il N\u00fcrburgring \u00e8 un posto speciale. Non esiste un\u2019altra pista come questa. La 24 Ore del N\u00fcrburgring \u00e8 una gara che \u00e8 nella mia lista dei desideri da molto tempo, quindi sono davvero entusiasta di poterla finalmente disputare<\/em>&#8220;, \u00e8 stato il commento di Verstappen, che lo scorso anno aveva conseguito il DMSB Permit Nordschleife (in pratica la licenza per correre sul tracciato dell&#8217;Eifel) e a partecipare alla NLS9, cogliendo subito il successo.<\/p>\n","protected":false},"excerpt":{"rendered":"Adesso \u00e8 ufficiale. Max Verstappen prender\u00e0 parte alla 24 Ore del N\u00fcrburgring. Il quattro volte campione del mondo&hellip;","protected":false},"author":3,"featured_media":5458,"comment_status":"closed","ping_status":"open","sticky":false,"template":"","format":"standard","meta":{"fifu_image_url":"","fifu_image_alt":"","csco_display_header_overlay":false,"csco_singular_sidebar":"","csco_page_header_type":"","csco_page_load_nextpost":"","csco_post_video_location":[],"csco_post_video_location_hash":"","csco_post_video_url":"","csco_post_video_bg_start_time":0,"csco_post_video_bg_end_time":0,"footnotes":""},"categories":[38,2,35],"tags":[222,225,224,223,221],"class_list":{"0":"post-5433","1":"post","2":"type-post","3":"status-publish","4":"format-standard","5":"has-post-thumbnail","7":"category-formula-uno","8":"category-gt-racing","9":"category-international-news","10":"tag-24-ore-del-nurburgring","11":"tag-daniel-juncadella","12":"tag-jules-gounon","13":"tag-lucas-auer","14":"tag-max-verstappen","15":"cs-entry","16":"cs-video-wrap"},"_links":{"self":[{"href":"https:\/\/pressracing.com\/index.php?rest_route=\/wp\/v2\/posts\/5433","targetHints":{"allow":["GET"]}}],"collection":[{"href":"https:\/\/pressracing.com\/index.php?rest_route=\/wp\/v2\/posts"}],"about":[{"href":"https:\/\/pressracing.com\/index.php?rest_route=\/wp\/v2\/types\/post"}],"author":[{"embeddable":true,"href":"https:\/\/pressracing.com\/index.php?rest_route=\/wp\/v2\/users\/3"}],"replies":[{"embeddable":true,"href":"https:\/\/pressracing.com\/index.php?rest_route=%2Fwp%2Fv2%2Fcomments&post=5433"}],"version-history":[{"count":1,"href":"https:\/\/pressracing.com\/index.php?rest_route=\/wp\/v2\/posts\/5433\/revisions"}],"predecessor-version":[{"id":5435,"href":"https:\/\/pressracing.com\/index.php?rest_route=\/wp\/v2\/posts\/5433\/revisions\/5435"}],"wp:featuredmedia":[{"embeddable":true,"href":"https:\/\/pressracing.com\/index.php?rest_route=\/wp\/v2\/media\/5458"}],"wp:attachment":[{"href":"https:\/\/pressracing.com\/index.php?rest_route=%2Fwp%2Fv2%2Fmedia&parent=5433"}],"wp:term":[{"taxonomy":"category","embeddable":true,"href":"https:\/\/pressracing.com\/index.php?rest_route=%2Fwp%2Fv2%2Fcategories&post=5433"},{"taxonomy":"post_tag","embeddable":true,"href":"https:\/\/pressracing.com\/index.php?rest_route=%2Fwp%2Fv2%2Ftags&post=5433"}],"curies":[{"name":"wp","href":"https:\/\/api.w.org\/{rel}","templated":true}]}}