{"id":5445,"date":"2026-03-13T12:09:04","date_gmt":"2026-03-13T11:09:04","guid":{"rendered":"https:\/\/pressracing.com\/?p=5445"},"modified":"2026-03-13T12:09:06","modified_gmt":"2026-03-13T11:09:06","slug":"merendino-e-stansfield-nella-gt-cup-europe-con-la-lambo-di-villorba","status":"publish","type":"post","link":"https:\/\/pressracing.com\/?p=5445","title":{"rendered":"Merendino e Stansfield nella GT Cup Europe con la Lambo di Villorba"},"content":{"rendered":"\n<p><strong>Michele Merendino<\/strong> torna in pista per disputare tutto il campionato della <strong>GT Cup Europe<\/strong>. Il pilota palermitano con un trascorso importante in Formula e nelle ruote coperte (nel 1994 si laure\u00f2 campione italiano di F.2000 e nel 2001 ha ottenuto una vittoria di classe alla 24 Ore del N\u00fcrburgring) si alterner\u00e0 al volante di una <strong>Lamborghini Hurac\u00e1n Super Trofeo EVO2 <\/strong>del team <strong>Villorba Corse <\/strong>con l&#8217;inglese <strong>Mark Stansfield<\/strong>.<\/p>\n\n\n\n<p>L&#8217;italiano, figlio di &#8220;Apache&#8221;, l&#8217;ultimo vincitore della Targa Florio di velocit\u00e0 nel 1977, nella sua carriera ha corso in Formula 3, nei Prototipi e vanta anche un&#8217;importante esperienza nel FIA GT risalente sempre ai primi anni Duemila, mentre attualmente \u00e8 istruttore della <strong>Lamborghini Accademia<\/strong>.<\/p>\n\n\n\n<p>Il suo ritorno avverr\u00e0 con i colori della <strong>WYDA<\/strong> (la societ\u00e0 che si occupa della gestione totale dei giovani piloti, dal kart fino alle monoposto e a tutte le categorie del motorsport) in cui ricopre il ruolo di GT Ambassador. <\/p>\n\n\n\n<p>Stansfield vanta diverse partecipazioni nel monomarca britannico riservato alle vetture Caterham ed \u00e8 praticamente al suo debutto in una serie europea.<\/p>\n\n\n\n<p>Il calendario della GT Cup Europe si articoler\u00e0 su sei appuntamenti, con il via da <strong>Portim\u00e3o<\/strong>, il 18 e 19 aprile.<\/p>\n\n\n\n<p><\/p>\n","protected":false},"excerpt":{"rendered":"Michele Merendino torna in pista per disputare tutto il campionato della GT Cup Europe. Il pilota palermitano con&hellip;","protected":false},"author":3,"featured_media":5446,"comment_status":"closed","ping_status":"open","sticky":false,"template":"","format":"standard","meta":{"fifu_image_url":"","fifu_image_alt":"","csco_display_header_overlay":false,"csco_singular_sidebar":"","csco_page_header_type":"","csco_page_load_nextpost":"","csco_post_video_location":[],"csco_post_video_location_hash":"","csco_post_video_url":"","csco_post_video_bg_start_time":0,"csco_post_video_bg_end_time":0,"footnotes":""},"categories":[237,35],"tags":[236,235,89],"class_list":{"0":"post-5445","1":"post","2":"type-post","3":"status-publish","4":"format-standard","5":"has-post-thumbnail","7":"category-gt-cup-europe","8":"category-international-news","9":"tag-mark-stansfield","10":"tag-michele-merendino","11":"tag-villorba-corse","12":"cs-entry","13":"cs-video-wrap"},"_links":{"self":[{"href":"https:\/\/pressracing.com\/index.php?rest_route=\/wp\/v2\/posts\/5445","targetHints":{"allow":["GET"]}}],"collection":[{"href":"https:\/\/pressracing.com\/index.php?rest_route=\/wp\/v2\/posts"}],"about":[{"href":"https:\/\/pressracing.com\/index.php?rest_route=\/wp\/v2\/types\/post"}],"author":[{"embeddable":true,"href":"https:\/\/pressracing.com\/index.php?rest_route=\/wp\/v2\/users\/3"}],"replies":[{"embeddable":true,"href":"https:\/\/pressracing.com\/index.php?rest_route=%2Fwp%2Fv2%2Fcomments&post=5445"}],"version-history":[{"count":1,"href":"https:\/\/pressracing.com\/index.php?rest_route=\/wp\/v2\/posts\/5445\/revisions"}],"predecessor-version":[{"id":5447,"href":"https:\/\/pressracing.com\/index.php?rest_route=\/wp\/v2\/posts\/5445\/revisions\/5447"}],"wp:featuredmedia":[{"embeddable":true,"href":"https:\/\/pressracing.com\/index.php?rest_route=\/wp\/v2\/media\/5446"}],"wp:attachment":[{"href":"https:\/\/pressracing.com\/index.php?rest_route=%2Fwp%2Fv2%2Fmedia&parent=5445"}],"wp:term":[{"taxonomy":"category","embeddable":true,"href":"https:\/\/pressracing.com\/index.php?rest_route=%2Fwp%2Fv2%2Fcategories&post=5445"},{"taxonomy":"post_tag","embeddable":true,"href":"https:\/\/pressracing.com\/index.php?rest_route=%2Fwp%2Fv2%2Ftags&post=5445"}],"curies":[{"name":"wp","href":"https:\/\/api.w.org\/{rel}","templated":true}]}}