{"id":5466,"date":"2026-03-14T13:50:53","date_gmt":"2026-03-14T12:50:53","guid":{"rendered":"https:\/\/pressracing.com\/?p=5466"},"modified":"2026-03-14T13:50:54","modified_gmt":"2026-03-14T12:50:54","slug":"inizia-dal-margutti-la-stagione-2026-di-fernando-visuet","status":"publish","type":"post","link":"https:\/\/pressracing.com\/?p=5466","title":{"rendered":"Inizia dal &#8220;Margutti&#8221; la stagione 2026 di Fernando Visuet"},"content":{"rendered":"\n<p>Dopo una breve pausa forzata, per l&#8217;infortunio a una costola che lo ha tenuto lontano dalle piste, <strong>Fernando Visuet <\/strong>torna in pista questo fine settimana in occasione del <strong>Trofeo Andrea Margutti<\/strong>.<\/p>\n\n\n\n<p>Dopo un 2025 che gli \u00e8 servito a maturare esperienza, il giovane messicano \u00e8 pronto a puntare in alto affrontando un&#8217;inedita sfida sempre con il team<strong> Gamoto<\/strong>, che lo ha accompagnato lo scorso anno nel suo esordio europeo.\u00a0<\/p>\n\n\n\n<p>Una stagione, quella che Visuet si accinge ad affrontare, anche nel segno delle novit\u00e0. Perch\u00e9 il pilota di Citt\u00e0 del Messico (classe 2011) scender\u00e0 in pista con i colori e il management della <strong>WYDA<\/strong>, passando inoltre alla categoria <strong>OKN<\/strong> con l&#8217;obiettivo di preparare il suo avvicinamento alle monoposto e alla <strong>Formula 4<\/strong>.\u00a0<\/p>\n\n\n\n<p>La scorsa stagione Visuet ha preso parte al Campionato Italiano, evidenziando un progressivo miglioramento in termini di prestazioni, arrivando a lottare per le posizioni di vertice e mettendosi in evidenza anche nella serie WSK. Tra i risultati pi\u00f9 significativi anche l\u2019ottima prestazione ottenuta nelle qualifiche della Coppa del Mondo, in cui ha dimostrato di essere veloce e competitivo nel contesto di un palcoscenico internazionale di altissimo livello.\u00a0<\/p>\n\n\n\n<p>&#8220;<em>La stagione 2025 \u00e8 stata molto importante per me, perch\u00e9 caratterizzata da continui progressi che mi hanno consentito di ottenere diversi risultati di rilievo. Dopo un anno di lavoro e di crescita, verso la fine della stagione\u00a0ero sicuramente in grado di lottare per le posizioni della parte pi\u00f9 alta della classifica, come ho potuto dimostrare nella Coppa del Mondo<\/em> &#8211; ha spiegato Fernando &#8211; <em>Quest&#8217;anno, con il passaggio alla categoria OKN e dopo un problema che ho avuto a una costola, cercher\u00f2 di\u00a0ritrovare subito il ritmo giusto e tornare a lottare per i piazzamenti di vertice<\/em>&#8220;.\u00a0<\/p>\n\n\n\n<p>&#8220;<em>Il mio obiettivo \u00e8 anche quello di svolgere nel corso della stagione alcuni test in Formula 4, sia in pista che provando la monoposto\u00a0al simulatore, per iniziare a preparare la fase successiva di un percorso ben strutturato che ho pianificato con la WYDA e che guarda fin da adesso\u00a0al futuro<\/em>&#8220;, ha proseguito il 14enne pilota messicano.<\/p>\n","protected":false},"excerpt":{"rendered":"Dopo una breve pausa forzata, per l&#8217;infortunio a una costola che lo ha tenuto lontano dalle piste, Fernando&hellip;","protected":false},"author":3,"featured_media":5468,"comment_status":"closed","ping_status":"open","sticky":false,"template":"","format":"standard","meta":{"fifu_image_url":"","fifu_image_alt":"","csco_display_header_overlay":false,"csco_singular_sidebar":"","csco_page_header_type":"","csco_page_load_nextpost":"","csco_post_video_location":[],"csco_post_video_location_hash":"","csco_post_video_url":"","csco_post_video_bg_start_time":0,"csco_post_video_bg_end_time":0,"footnotes":""},"categories":[220],"tags":[242,243,226],"class_list":{"0":"post-5466","1":"post","2":"type-post","3":"status-publish","4":"format-standard","5":"has-post-thumbnail","7":"category-karting","8":"tag-fernando-visuet","9":"tag-gamoto","10":"tag-wyda","11":"cs-entry","12":"cs-video-wrap"},"_links":{"self":[{"href":"https:\/\/pressracing.com\/index.php?rest_route=\/wp\/v2\/posts\/5466","targetHints":{"allow":["GET"]}}],"collection":[{"href":"https:\/\/pressracing.com\/index.php?rest_route=\/wp\/v2\/posts"}],"about":[{"href":"https:\/\/pressracing.com\/index.php?rest_route=\/wp\/v2\/types\/post"}],"author":[{"embeddable":true,"href":"https:\/\/pressracing.com\/index.php?rest_route=\/wp\/v2\/users\/3"}],"replies":[{"embeddable":true,"href":"https:\/\/pressracing.com\/index.php?rest_route=%2Fwp%2Fv2%2Fcomments&post=5466"}],"version-history":[{"count":2,"href":"https:\/\/pressracing.com\/index.php?rest_route=\/wp\/v2\/posts\/5466\/revisions"}],"predecessor-version":[{"id":5469,"href":"https:\/\/pressracing.com\/index.php?rest_route=\/wp\/v2\/posts\/5466\/revisions\/5469"}],"wp:featuredmedia":[{"embeddable":true,"href":"https:\/\/pressracing.com\/index.php?rest_route=\/wp\/v2\/media\/5468"}],"wp:attachment":[{"href":"https:\/\/pressracing.com\/index.php?rest_route=%2Fwp%2Fv2%2Fmedia&parent=5466"}],"wp:term":[{"taxonomy":"category","embeddable":true,"href":"https:\/\/pressracing.com\/index.php?rest_route=%2Fwp%2Fv2%2Fcategories&post=5466"},{"taxonomy":"post_tag","embeddable":true,"href":"https:\/\/pressracing.com\/index.php?rest_route=%2Fwp%2Fv2%2Ftags&post=5466"}],"curies":[{"name":"wp","href":"https:\/\/api.w.org\/{rel}","templated":true}]}}